{"id":24230,"date":"2024-10-21T16:39:57","date_gmt":"2024-10-21T15:39:57","guid":{"rendered":"https:\/\/www.planetatangerina.com\/?p=24230"},"modified":"2024-10-21T16:40:18","modified_gmt":"2024-10-21T15:40:18","slug":"temos-dois-autores-nomeados-para-o-premio-literario-alma-2025","status":"publish","type":"post","link":"https:\/\/www.planetatangerina.com\/pt-pt\/temos-dois-autores-nomeados-para-o-premio-literario-alma-2025\/","title":{"rendered":"Temos dois autores nomeados para o pr\u00e9mio liter\u00e1rio ALMA 2025"},"content":{"rendered":"\n<p>O Bernardo P. Carvalho e a Madalena Matoso est\u00e3o nomeados para o <a href=\"https:\/\/alma.se\/en\/the-award\/\">Pr\u00e9mio ALMA 2025 &#8211; Astrid Lindgren Memorial Award<\/a>.<\/p>\n\n\n\n<p>Este pr\u00e9mio \u00e9 atribu\u00eddo anualmente a uma pessoa ou organiza\u00e7\u00e3o pela sua contribui\u00e7\u00e3o not\u00e1vel \u00e0 literatura infantil. Para esta edi\u00e7\u00e3o h\u00e1 265 nomeados de 72 pa\u00edses, e a decis\u00e3o do j\u00fari ser\u00e1 conhecida em abril de 2025.<\/p>\n\n\n\n<p>Muitos parab\u00e9ns aos dois!<\/p>\n\n\n\n<p><\/p>\n","protected":false},"excerpt":{"rendered":"<p>O Bernardo P. Carvalho e a Madalena Matoso est\u00e3o nomeados para o Pr\u00e9mio ALMA 2025 &#8211; Astrid Lindgren Memorial Award. Este pr\u00e9mio \u00e9 atribu\u00eddo anualmente a uma pessoa ou organiza\u00e7\u00e3o pela sua contribui\u00e7\u00e3o not\u00e1vel \u00e0 literatura infantil. Para esta edi\u00e7\u00e3o h\u00e1 265 nomeados de 72 pa\u00edses, e a decis\u00e3o do j\u00fari ser\u00e1 conhecida em abril [&hellip;]<\/p>\n","protected":false},"author":10,"featured_media":24231,"comment_status":"closed","ping_status":"closed","sticky":false,"template":"","format":"standard","meta":{"_acf_changed":false,"footnotes":""},"categories":[1],"tags":[37,69,86,93],"class_list":["post-24230","post","type-post","status-publish","format-standard","has-post-thumbnail","hentry","category-sem-categoria","tag-bernardo-p-carvalho","tag-internacional","tag-madalena-matoso","tag-nomeacao"],"acf":[],"yoast_head":"<!-- This site is optimized with the Yoast SEO plugin v27.2 - https:\/\/yoast.com\/product\/yoast-seo-wordpress\/ -->\n<title>Temos dois autores nomeados para o pr\u00e9mio liter\u00e1rio ALMA 2025 - Not\u00edcias - Planeta Tangerina<\/title>\n<meta name=\"description\" content=\"O Bernardo P. Carvalho e a Madalena Matoso est\u00e3o nomeados para o Pr\u00e9mio ALMA 2025 - Astrid Lindgren Memorial Award. Este pr\u00e9mio \u00e9 atribu\u00eddo anualmente a\" \/>\n<meta name=\"robots\" content=\"index, follow, max-snippet:-1, max-image-preview:large, max-video-preview:-1\" \/>\n<link rel=\"canonical\" href=\"https:\/\/www.planetatangerina.com\/pt-pt\/temos-dois-autores-nomeados-para-o-premio-literario-alma-2025\/\" \/>\n<meta name=\"twitter:label1\" content=\"Escrito por\" \/>\n\t<meta name=\"twitter:data1\" content=\"Angelina Velosa\" \/>\n\t<meta name=\"twitter:label2\" content=\"Tempo estimado de leitura\" \/>\n\t<meta name=\"twitter:data2\" content=\"1 minuto\" \/>\n<script type=\"application\/ld+json\" class=\"yoast-schema-graph\">{\"@context\":\"https:\/\/schema.org\",\"@graph\":[{\"@type\":\"Article\",\"@id\":\"https:\/\/www.planetatangerina.com\/pt-pt\/temos-dois-autores-nomeados-para-o-premio-literario-alma-2025\/#article\",\"isPartOf\":{\"@id\":\"https:\/\/www.planetatangerina.com\/pt-pt\/temos-dois-autores-nomeados-para-o-premio-literario-alma-2025\/\"},\"author\":{\"name\":\"Angelina Velosa\",\"@id\":\"https:\/\/www.planetatangerina.com\/pt-pt\/#\/schema\/person\/f1d94201e10a9c35e5e7990e9814f48d\"},\"headline\":\"Temos dois autores nomeados para o pr\u00e9mio liter\u00e1rio ALMA 2025\",\"datePublished\":\"2024-10-21T15:39:57+00:00\",\"dateModified\":\"2024-10-21T15:40:18+00:00\",\"mainEntityOfPage\":{\"@id\":\"https:\/\/www.planetatangerina.com\/pt-pt\/temos-dois-autores-nomeados-para-o-premio-literario-alma-2025\/\"},\"wordCount\":78,\"publisher\":{\"@id\":\"https:\/\/www.planetatangerina.com\/pt-pt\/#organization\"},\"image\":{\"@id\":\"https:\/\/www.planetatangerina.com\/pt-pt\/temos-dois-autores-nomeados-para-o-premio-literario-alma-2025\/#primaryimage\"},\"thumbnailUrl\":\"https:\/\/www.planetatangerina.com\/wp-content\/uploads\/2024\/10\/premioalma2025.jpg\",\"keywords\":[\"Bernardo P. Carvalho\",\"Internacional\",\"Madalena Matoso\",\"nomea\u00e7\u00e3o\"],\"inLanguage\":\"pt-PT\"},{\"@type\":\"WebPage\",\"@id\":\"https:\/\/www.planetatangerina.com\/pt-pt\/temos-dois-autores-nomeados-para-o-premio-literario-alma-2025\/\",\"url\":\"https:\/\/www.planetatangerina.com\/pt-pt\/temos-dois-autores-nomeados-para-o-premio-literario-alma-2025\/\",\"name\":\"Temos dois autores nomeados para o pr\u00e9mio liter\u00e1rio ALMA 2025 - Not\u00edcias - Planeta Tangerina\",\"isPartOf\":{\"@id\":\"https:\/\/www.planetatangerina.com\/pt-pt\/#website\"},\"primaryImageOfPage\":{\"@id\":\"https:\/\/www.planetatangerina.com\/pt-pt\/temos-dois-autores-nomeados-para-o-premio-literario-alma-2025\/#primaryimage\"},\"image\":{\"@id\":\"https:\/\/www.planetatangerina.com\/pt-pt\/temos-dois-autores-nomeados-para-o-premio-literario-alma-2025\/#primaryimage\"},\"thumbnailUrl\":\"https:\/\/www.planetatangerina.com\/wp-content\/uploads\/2024\/10\/premioalma2025.jpg\",\"datePublished\":\"2024-10-21T15:39:57+00:00\",\"dateModified\":\"2024-10-21T15:40:18+00:00\",\"description\":\"O Bernardo P. Carvalho e a Madalena Matoso est\u00e3o nomeados para o Pr\u00e9mio ALMA 2025 - Astrid Lindgren Memorial Award. Este pr\u00e9mio \u00e9 atribu\u00eddo anualmente a\",\"breadcrumb\":{\"@id\":\"https:\/\/www.planetatangerina.com\/pt-pt\/temos-dois-autores-nomeados-para-o-premio-literario-alma-2025\/#breadcrumb\"},\"inLanguage\":\"pt-PT\",\"potentialAction\":[{\"@type\":\"ReadAction\",\"target\":[\"https:\/\/www.planetatangerina.com\/pt-pt\/temos-dois-autores-nomeados-para-o-premio-literario-alma-2025\/\"]}]},{\"@type\":\"ImageObject\",\"inLanguage\":\"pt-PT\",\"@id\":\"https:\/\/www.planetatangerina.com\/pt-pt\/temos-dois-autores-nomeados-para-o-premio-literario-alma-2025\/#primaryimage\",\"url\":\"https:\/\/www.planetatangerina.com\/wp-content\/uploads\/2024\/10\/premioalma2025.jpg\",\"contentUrl\":\"https:\/\/www.planetatangerina.com\/wp-content\/uploads\/2024\/10\/premioalma2025.jpg\",\"width\":2560,\"height\":848,\"caption\":\"Pr\u00e9mio ALMA 2025\"},{\"@type\":\"BreadcrumbList\",\"@id\":\"https:\/\/www.planetatangerina.com\/pt-pt\/temos-dois-autores-nomeados-para-o-premio-literario-alma-2025\/#breadcrumb\",\"itemListElement\":[{\"@type\":\"ListItem\",\"position\":1,\"name\":\"In\u00edcio\",\"item\":\"https:\/\/www.planetatangerina.com\/pt-pt\/\"},{\"@type\":\"ListItem\",\"position\":2,\"name\":\"Temos dois autores nomeados para o pr\u00e9mio liter\u00e1rio ALMA 2025\"}]},{\"@type\":\"WebSite\",\"@id\":\"https:\/\/www.planetatangerina.com\/pt-pt\/#website\",\"url\":\"https:\/\/www.planetatangerina.com\/pt-pt\/\",\"name\":\"Planeta Tangerina\",\"description\":\"Editora independente de livros infantis e juvenis. Fic\u00e7\u00e3o, livros informativos e novelas gr\u00e1ficas no Plano Nacional de Leitura \u2014 PNL.\",\"publisher\":{\"@id\":\"https:\/\/www.planetatangerina.com\/pt-pt\/#organization\"},\"potentialAction\":[{\"@type\":\"SearchAction\",\"target\":{\"@type\":\"EntryPoint\",\"urlTemplate\":\"https:\/\/www.planetatangerina.com\/pt-pt\/?s={search_term_string}\"},\"query-input\":{\"@type\":\"PropertyValueSpecification\",\"valueRequired\":true,\"valueName\":\"search_term_string\"}}],\"inLanguage\":\"pt-PT\"},{\"@type\":\"Organization\",\"@id\":\"https:\/\/www.planetatangerina.com\/pt-pt\/#organization\",\"name\":\"Planeta Tangerina\",\"url\":\"https:\/\/www.planetatangerina.com\/pt-pt\/\",\"logo\":{\"@type\":\"ImageObject\",\"inLanguage\":\"pt-PT\",\"@id\":\"https:\/\/www.planetatangerina.com\/pt-pt\/#\/schema\/logo\/image\/\",\"url\":\"https:\/\/www.planetatangerina.com\/wp-content\/uploads\/2020\/02\/logo.png\",\"contentUrl\":\"https:\/\/www.planetatangerina.com\/wp-content\/uploads\/2020\/02\/logo.png\",\"width\":275,\"height\":15,\"caption\":\"Planeta Tangerina\"},\"image\":{\"@id\":\"https:\/\/www.planetatangerina.com\/pt-pt\/#\/schema\/logo\/image\/\"},\"sameAs\":[\"https:\/\/www.facebook.com\/planetatangerina\/\",\"https:\/\/www.instagram.com\/planetatangerina\/\"]},{\"@type\":\"Person\",\"@id\":\"https:\/\/www.planetatangerina.com\/pt-pt\/#\/schema\/person\/f1d94201e10a9c35e5e7990e9814f48d\",\"name\":\"Angelina Velosa\",\"image\":{\"@type\":\"ImageObject\",\"inLanguage\":\"pt-PT\",\"@id\":\"https:\/\/secure.gravatar.com\/avatar\/6c0921631c276e2d1648b648e480b713ae8be7b3177b3fb2b5988b0476561349?s=96&d=mm&r=g\",\"url\":\"https:\/\/secure.gravatar.com\/avatar\/6c0921631c276e2d1648b648e480b713ae8be7b3177b3fb2b5988b0476561349?s=96&d=mm&r=g\",\"contentUrl\":\"https:\/\/secure.gravatar.com\/avatar\/6c0921631c276e2d1648b648e480b713ae8be7b3177b3fb2b5988b0476561349?s=96&d=mm&r=g\",\"caption\":\"Angelina Velosa\"}}]}<\/script>\n<!-- \/ Yoast SEO plugin. -->","yoast_head_json":{"title":"Temos dois autores nomeados para o pr\u00e9mio liter\u00e1rio ALMA 2025 - Not\u00edcias - Planeta Tangerina","description":"O Bernardo P. Carvalho e a Madalena Matoso est\u00e3o nomeados para o Pr\u00e9mio ALMA 2025 - Astrid Lindgren Memorial Award. Este pr\u00e9mio \u00e9 atribu\u00eddo anualmente a","robots":{"index":"index","follow":"follow","max-snippet":"max-snippet:-1","max-image-preview":"max-image-preview:large","max-video-preview":"max-video-preview:-1"},"canonical":"https:\/\/www.planetatangerina.com\/pt-pt\/temos-dois-autores-nomeados-para-o-premio-literario-alma-2025\/","twitter_misc":{"Escrito por":"Angelina Velosa","Tempo estimado de leitura":"1 minuto"},"schema":{"@context":"https:\/\/schema.org","@graph":[{"@type":"Article","@id":"https:\/\/www.planetatangerina.com\/pt-pt\/temos-dois-autores-nomeados-para-o-premio-literario-alma-2025\/#article","isPartOf":{"@id":"https:\/\/www.planetatangerina.com\/pt-pt\/temos-dois-autores-nomeados-para-o-premio-literario-alma-2025\/"},"author":{"name":"Angelina Velosa","@id":"https:\/\/www.planetatangerina.com\/pt-pt\/#\/schema\/person\/f1d94201e10a9c35e5e7990e9814f48d"},"headline":"Temos dois autores nomeados para o pr\u00e9mio liter\u00e1rio ALMA 2025","datePublished":"2024-10-21T15:39:57+00:00","dateModified":"2024-10-21T15:40:18+00:00","mainEntityOfPage":{"@id":"https:\/\/www.planetatangerina.com\/pt-pt\/temos-dois-autores-nomeados-para-o-premio-literario-alma-2025\/"},"wordCount":78,"publisher":{"@id":"https:\/\/www.planetatangerina.com\/pt-pt\/#organization"},"image":{"@id":"https:\/\/www.planetatangerina.com\/pt-pt\/temos-dois-autores-nomeados-para-o-premio-literario-alma-2025\/#primaryimage"},"thumbnailUrl":"https:\/\/www.planetatangerina.com\/wp-content\/uploads\/2024\/10\/premioalma2025.jpg","keywords":["Bernardo P. Carvalho","Internacional","Madalena Matoso","nomea\u00e7\u00e3o"],"inLanguage":"pt-PT"},{"@type":"WebPage","@id":"https:\/\/www.planetatangerina.com\/pt-pt\/temos-dois-autores-nomeados-para-o-premio-literario-alma-2025\/","url":"https:\/\/www.planetatangerina.com\/pt-pt\/temos-dois-autores-nomeados-para-o-premio-literario-alma-2025\/","name":"Temos dois autores nomeados para o pr\u00e9mio liter\u00e1rio ALMA 2025 - Not\u00edcias - Planeta Tangerina","isPartOf":{"@id":"https:\/\/www.planetatangerina.com\/pt-pt\/#website"},"primaryImageOfPage":{"@id":"https:\/\/www.planetatangerina.com\/pt-pt\/temos-dois-autores-nomeados-para-o-premio-literario-alma-2025\/#primaryimage"},"image":{"@id":"https:\/\/www.planetatangerina.com\/pt-pt\/temos-dois-autores-nomeados-para-o-premio-literario-alma-2025\/#primaryimage"},"thumbnailUrl":"https:\/\/www.planetatangerina.com\/wp-content\/uploads\/2024\/10\/premioalma2025.jpg","datePublished":"2024-10-21T15:39:57+00:00","dateModified":"2024-10-21T15:40:18+00:00","description":"O Bernardo P. Carvalho e a Madalena Matoso est\u00e3o nomeados para o Pr\u00e9mio ALMA 2025 - Astrid Lindgren Memorial Award. Este pr\u00e9mio \u00e9 atribu\u00eddo anualmente a","breadcrumb":{"@id":"https:\/\/www.planetatangerina.com\/pt-pt\/temos-dois-autores-nomeados-para-o-premio-literario-alma-2025\/#breadcrumb"},"inLanguage":"pt-PT","potentialAction":[{"@type":"ReadAction","target":["https:\/\/www.planetatangerina.com\/pt-pt\/temos-dois-autores-nomeados-para-o-premio-literario-alma-2025\/"]}]},{"@type":"ImageObject","inLanguage":"pt-PT","@id":"https:\/\/www.planetatangerina.com\/pt-pt\/temos-dois-autores-nomeados-para-o-premio-literario-alma-2025\/#primaryimage","url":"https:\/\/www.planetatangerina.com\/wp-content\/uploads\/2024\/10\/premioalma2025.jpg","contentUrl":"https:\/\/www.planetatangerina.com\/wp-content\/uploads\/2024\/10\/premioalma2025.jpg","width":2560,"height":848,"caption":"Pr\u00e9mio ALMA 2025"},{"@type":"BreadcrumbList","@id":"https:\/\/www.planetatangerina.com\/pt-pt\/temos-dois-autores-nomeados-para-o-premio-literario-alma-2025\/#breadcrumb","itemListElement":[{"@type":"ListItem","position":1,"name":"In\u00edcio","item":"https:\/\/www.planetatangerina.com\/pt-pt\/"},{"@type":"ListItem","position":2,"name":"Temos dois autores nomeados para o pr\u00e9mio liter\u00e1rio ALMA 2025"}]},{"@type":"WebSite","@id":"https:\/\/www.planetatangerina.com\/pt-pt\/#website","url":"https:\/\/www.planetatangerina.com\/pt-pt\/","name":"Planeta Tangerina","description":"Editora independente de livros infantis e juvenis. Fic\u00e7\u00e3o, livros informativos e novelas gr\u00e1ficas no Plano Nacional de Leitura \u2014 PNL.","publisher":{"@id":"https:\/\/www.planetatangerina.com\/pt-pt\/#organization"},"potentialAction":[{"@type":"SearchAction","target":{"@type":"EntryPoint","urlTemplate":"https:\/\/www.planetatangerina.com\/pt-pt\/?s={search_term_string}"},"query-input":{"@type":"PropertyValueSpecification","valueRequired":true,"valueName":"search_term_string"}}],"inLanguage":"pt-PT"},{"@type":"Organization","@id":"https:\/\/www.planetatangerina.com\/pt-pt\/#organization","name":"Planeta Tangerina","url":"https:\/\/www.planetatangerina.com\/pt-pt\/","logo":{"@type":"ImageObject","inLanguage":"pt-PT","@id":"https:\/\/www.planetatangerina.com\/pt-pt\/#\/schema\/logo\/image\/","url":"https:\/\/www.planetatangerina.com\/wp-content\/uploads\/2020\/02\/logo.png","contentUrl":"https:\/\/www.planetatangerina.com\/wp-content\/uploads\/2020\/02\/logo.png","width":275,"height":15,"caption":"Planeta Tangerina"},"image":{"@id":"https:\/\/www.planetatangerina.com\/pt-pt\/#\/schema\/logo\/image\/"},"sameAs":["https:\/\/www.facebook.com\/planetatangerina\/","https:\/\/www.instagram.com\/planetatangerina\/"]},{"@type":"Person","@id":"https:\/\/www.planetatangerina.com\/pt-pt\/#\/schema\/person\/f1d94201e10a9c35e5e7990e9814f48d","name":"Angelina Velosa","image":{"@type":"ImageObject","inLanguage":"pt-PT","@id":"https:\/\/secure.gravatar.com\/avatar\/6c0921631c276e2d1648b648e480b713ae8be7b3177b3fb2b5988b0476561349?s=96&d=mm&r=g","url":"https:\/\/secure.gravatar.com\/avatar\/6c0921631c276e2d1648b648e480b713ae8be7b3177b3fb2b5988b0476561349?s=96&d=mm&r=g","contentUrl":"https:\/\/secure.gravatar.com\/avatar\/6c0921631c276e2d1648b648e480b713ae8be7b3177b3fb2b5988b0476561349?s=96&d=mm&r=g","caption":"Angelina Velosa"}}]}},"_links":{"self":[{"href":"https:\/\/www.planetatangerina.com\/pt-pt\/wp-json\/wp\/v2\/posts\/24230","targetHints":{"allow":["GET"]}}],"collection":[{"href":"https:\/\/www.planetatangerina.com\/pt-pt\/wp-json\/wp\/v2\/posts"}],"about":[{"href":"https:\/\/www.planetatangerina.com\/pt-pt\/wp-json\/wp\/v2\/types\/post"}],"author":[{"embeddable":true,"href":"https:\/\/www.planetatangerina.com\/pt-pt\/wp-json\/wp\/v2\/users\/10"}],"replies":[{"embeddable":true,"href":"https:\/\/www.planetatangerina.com\/pt-pt\/wp-json\/wp\/v2\/comments?post=24230"}],"version-history":[{"count":1,"href":"https:\/\/www.planetatangerina.com\/pt-pt\/wp-json\/wp\/v2\/posts\/24230\/revisions"}],"predecessor-version":[{"id":24233,"href":"https:\/\/www.planetatangerina.com\/pt-pt\/wp-json\/wp\/v2\/posts\/24230\/revisions\/24233"}],"wp:featuredmedia":[{"embeddable":true,"href":"https:\/\/www.planetatangerina.com\/pt-pt\/wp-json\/wp\/v2\/media\/24231"}],"wp:attachment":[{"href":"https:\/\/www.planetatangerina.com\/pt-pt\/wp-json\/wp\/v2\/media?parent=24230"}],"wp:term":[{"taxonomy":"category","embeddable":true,"href":"https:\/\/www.planetatangerina.com\/pt-pt\/wp-json\/wp\/v2\/categories?post=24230"},{"taxonomy":"post_tag","embeddable":true,"href":"https:\/\/www.planetatangerina.com\/pt-pt\/wp-json\/wp\/v2\/tags?post=24230"}],"curies":[{"name":"wp","href":"https:\/\/api.w.org\/{rel}","templated":true}]}}