{"id":22227,"date":"2023-10-09T16:13:56","date_gmt":"2023-10-09T15:13:56","guid":{"rendered":"https:\/\/www.planetatangerina.com\/?p=22227"},"modified":"2023-10-09T16:13:58","modified_gmt":"2023-10-09T15:13:58","slug":"autores-do-planeta-tangerina-na-festa-da-ilustracao-de-setubal","status":"publish","type":"post","link":"https:\/\/www.planetatangerina.com\/pt-pt\/autores-do-planeta-tangerina-na-festa-da-ilustracao-de-setubal\/","title":{"rendered":"Autores do Planeta Tangerina na Festa da Ilustra\u00e7\u00e3o de Set\u00fabal"},"content":{"rendered":"\n<p>A 9.\u00aa edi\u00e7\u00e3o da Festa da Ilustra\u00e7\u00e3o arrancou no final de setembro e h\u00e1 v\u00e1rias exposi\u00e7\u00f5es para visitar at\u00e9 ao final de novembro.<\/p>\n\n\n\n<p>A Madalena Matoso \u00e9 a artista nacional convidada, e os seus trabalhos est\u00e3o em destaque na Galeria de Exposi\u00e7\u00f5es da Casa da Cultura. A exposi\u00e7\u00e3o re\u00fane v\u00e1rios originais de alguns livros da autora, como \u201c<a href=\"https:\/\/www.planetatangerina.com\/pt-pt\/loja\/por-exemplo-uma-rosa\/\">Por exemplo, uma rosa<\/a>\u201d, \u201c<a href=\"https:\/\/www.planetatangerina.com\/pt-pt\/loja\/desenha-tudo-o-que-quiseres\/\">Desenha tudo o que quiseres<\/a>\u201d e \u201c<a href=\"https:\/\/www.planetatangerina.com\/pt-pt\/loja\/como-ver-coisas-invisiveis\/\">Como ver coisas invis\u00edveis<\/a>\u201d. Podem&nbsp;visit\u00e1-la&nbsp;at\u00e9 26 de novembro.<\/p>\n\n\n\n<p>Logo ao lado, na Casa da Avenida, podem ser vistos alguns (dos muitos!) originais do Bernardo P. Carvalho feitos para a novela gr\u00e1fica \u201c<a href=\"https:\/\/www.planetatangerina.com\/pt-pt\/loja\/mar-negro\/\">Mar negro<\/a>\u201d. A exposi\u00e7\u00e3o, com o mesmo nome, est\u00e1 patente at\u00e9 31 de outubro.<\/p>\n\n\n\n<p>O livro \u201c<a href=\"https:\/\/www.planetatangerina.com\/pt-pt\/loja\/o-duelo\">O Duelo<\/a>\u201d tamb\u00e9m se junta \u00e0 festa e apresenta-se numa exposi\u00e7\u00e3o na Livraria Culsete. A mostra das ilustra\u00e7\u00f5es da In\u00eas Viegas Oliveira pode ser vista at\u00e9 30 de novembro.<\/p>\n\n\n\n<p>Podem consultar o programa completo <a href=\"https:\/\/www.planetatangerina.com\/wp-content\/uploads\/2023\/10\/festa2023_programa.pdf\">aqui<\/a>.<\/p>\n","protected":false},"excerpt":{"rendered":"<p>A 9.\u00aa edi\u00e7\u00e3o da Festa da Ilustra\u00e7\u00e3o arrancou no final de setembro e h\u00e1 v\u00e1rias exposi\u00e7\u00f5es para visitar at\u00e9 ao final de novembro. A Madalena Matoso \u00e9 a artista nacional convidada, e os seus trabalhos est\u00e3o em destaque na Galeria de Exposi\u00e7\u00f5es da Casa da Cultura. A exposi\u00e7\u00e3o re\u00fane v\u00e1rios originais de alguns livros da [&hellip;]<\/p>\n","protected":false},"author":10,"featured_media":22230,"comment_status":"open","ping_status":"closed","sticky":false,"template":"","format":"standard","meta":{"_acf_changed":false,"footnotes":""},"categories":[41],"tags":[84,37,102,399,377,86],"class_list":["post-22227","post","type-post","status-publish","format-standard","has-post-thumbnail","hentry","category-andar-por-ai","tag-ana-pessoa","tag-bernardo-p-carvalho","tag-exposicao","tag-festa-da-ilustracao-de-setubal","tag-ines-viegas-oliveira","tag-madalena-matoso"],"acf":[],"yoast_head":"<!-- This site is optimized with the Yoast SEO plugin v27.2 - https:\/\/yoast.com\/product\/yoast-seo-wordpress\/ -->\n<title>Autores do Planeta Tangerina na Festa da Ilustra\u00e7\u00e3o de Set\u00fabal - Not\u00edcias - Planeta Tangerina<\/title>\n<meta name=\"description\" content=\"A 9.\u00aa edi\u00e7\u00e3o da Festa da Ilustra\u00e7\u00e3o arrancou no final de setembro e h\u00e1 v\u00e1rias exposi\u00e7\u00f5es para visitar at\u00e9 ao final de novembro. A Madalena Matoso \u00e9 a\" \/>\n<meta name=\"robots\" content=\"index, follow, max-snippet:-1, max-image-preview:large, max-video-preview:-1\" \/>\n<link rel=\"canonical\" href=\"https:\/\/www.planetatangerina.com\/pt-pt\/autores-do-planeta-tangerina-na-festa-da-ilustracao-de-setubal\/\" \/>\n<meta name=\"twitter:label1\" content=\"Escrito por\" \/>\n\t<meta name=\"twitter:data1\" content=\"Angelina Velosa\" \/>\n\t<meta name=\"twitter:label2\" content=\"Tempo estimado de leitura\" \/>\n\t<meta name=\"twitter:data2\" content=\"1 minuto\" \/>\n<script type=\"application\/ld+json\" class=\"yoast-schema-graph\">{\"@context\":\"https:\/\/schema.org\",\"@graph\":[{\"@type\":\"Article\",\"@id\":\"https:\/\/www.planetatangerina.com\/pt-pt\/autores-do-planeta-tangerina-na-festa-da-ilustracao-de-setubal\/#article\",\"isPartOf\":{\"@id\":\"https:\/\/www.planetatangerina.com\/pt-pt\/autores-do-planeta-tangerina-na-festa-da-ilustracao-de-setubal\/\"},\"author\":{\"name\":\"Angelina Velosa\",\"@id\":\"https:\/\/www.planetatangerina.com\/pt-pt\/#\/schema\/person\/f1d94201e10a9c35e5e7990e9814f48d\"},\"headline\":\"Autores do Planeta Tangerina na Festa da Ilustra\u00e7\u00e3o de Set\u00fabal\",\"datePublished\":\"2023-10-09T15:13:56+00:00\",\"dateModified\":\"2023-10-09T15:13:58+00:00\",\"mainEntityOfPage\":{\"@id\":\"https:\/\/www.planetatangerina.com\/pt-pt\/autores-do-planeta-tangerina-na-festa-da-ilustracao-de-setubal\/\"},\"wordCount\":176,\"commentCount\":0,\"publisher\":{\"@id\":\"https:\/\/www.planetatangerina.com\/pt-pt\/#organization\"},\"image\":{\"@id\":\"https:\/\/www.planetatangerina.com\/pt-pt\/autores-do-planeta-tangerina-na-festa-da-ilustracao-de-setubal\/#primaryimage\"},\"thumbnailUrl\":\"https:\/\/www.planetatangerina.com\/wp-content\/uploads\/2023\/10\/expos_setubal2023.jpg\",\"keywords\":[\"Ana Pessoa\",\"Bernardo P. Carvalho\",\"Exposi\u00e7\u00e3o\",\"Festa da Ilustra\u00e7\u00e3o de Set\u00fabal\",\"In\u00eas Viegas Oliveira\",\"Madalena Matoso\"],\"articleSection\":[\"Andar Por A\u00ed\"],\"inLanguage\":\"pt-PT\"},{\"@type\":\"WebPage\",\"@id\":\"https:\/\/www.planetatangerina.com\/pt-pt\/autores-do-planeta-tangerina-na-festa-da-ilustracao-de-setubal\/\",\"url\":\"https:\/\/www.planetatangerina.com\/pt-pt\/autores-do-planeta-tangerina-na-festa-da-ilustracao-de-setubal\/\",\"name\":\"Autores do Planeta Tangerina na Festa da Ilustra\u00e7\u00e3o de Set\u00fabal - Not\u00edcias - Planeta Tangerina\",\"isPartOf\":{\"@id\":\"https:\/\/www.planetatangerina.com\/pt-pt\/#website\"},\"primaryImageOfPage\":{\"@id\":\"https:\/\/www.planetatangerina.com\/pt-pt\/autores-do-planeta-tangerina-na-festa-da-ilustracao-de-setubal\/#primaryimage\"},\"image\":{\"@id\":\"https:\/\/www.planetatangerina.com\/pt-pt\/autores-do-planeta-tangerina-na-festa-da-ilustracao-de-setubal\/#primaryimage\"},\"thumbnailUrl\":\"https:\/\/www.planetatangerina.com\/wp-content\/uploads\/2023\/10\/expos_setubal2023.jpg\",\"datePublished\":\"2023-10-09T15:13:56+00:00\",\"dateModified\":\"2023-10-09T15:13:58+00:00\",\"description\":\"A 9.\u00aa edi\u00e7\u00e3o da Festa da Ilustra\u00e7\u00e3o arrancou no final de setembro e h\u00e1 v\u00e1rias exposi\u00e7\u00f5es para visitar at\u00e9 ao final de novembro. A Madalena Matoso \u00e9 a\",\"breadcrumb\":{\"@id\":\"https:\/\/www.planetatangerina.com\/pt-pt\/autores-do-planeta-tangerina-na-festa-da-ilustracao-de-setubal\/#breadcrumb\"},\"inLanguage\":\"pt-PT\",\"potentialAction\":[{\"@type\":\"ReadAction\",\"target\":[\"https:\/\/www.planetatangerina.com\/pt-pt\/autores-do-planeta-tangerina-na-festa-da-ilustracao-de-setubal\/\"]}]},{\"@type\":\"ImageObject\",\"inLanguage\":\"pt-PT\",\"@id\":\"https:\/\/www.planetatangerina.com\/pt-pt\/autores-do-planeta-tangerina-na-festa-da-ilustracao-de-setubal\/#primaryimage\",\"url\":\"https:\/\/www.planetatangerina.com\/wp-content\/uploads\/2023\/10\/expos_setubal2023.jpg\",\"contentUrl\":\"https:\/\/www.planetatangerina.com\/wp-content\/uploads\/2023\/10\/expos_setubal2023.jpg\",\"width\":2560,\"height\":848,\"caption\":\"Festa da Ilustra\u00e7\u00e3o de Set\u00fabal 2023\"},{\"@type\":\"BreadcrumbList\",\"@id\":\"https:\/\/www.planetatangerina.com\/pt-pt\/autores-do-planeta-tangerina-na-festa-da-ilustracao-de-setubal\/#breadcrumb\",\"itemListElement\":[{\"@type\":\"ListItem\",\"position\":1,\"name\":\"In\u00edcio\",\"item\":\"https:\/\/www.planetatangerina.com\/pt-pt\/\"},{\"@type\":\"ListItem\",\"position\":2,\"name\":\"Autores do Planeta Tangerina na Festa da Ilustra\u00e7\u00e3o de Set\u00fabal\"}]},{\"@type\":\"WebSite\",\"@id\":\"https:\/\/www.planetatangerina.com\/pt-pt\/#website\",\"url\":\"https:\/\/www.planetatangerina.com\/pt-pt\/\",\"name\":\"Planeta Tangerina\",\"description\":\"Editora independente de livros infantis e juvenis. Fic\u00e7\u00e3o, livros informativos e novelas gr\u00e1ficas no Plano Nacional de Leitura \u2014 PNL.\",\"publisher\":{\"@id\":\"https:\/\/www.planetatangerina.com\/pt-pt\/#organization\"},\"potentialAction\":[{\"@type\":\"SearchAction\",\"target\":{\"@type\":\"EntryPoint\",\"urlTemplate\":\"https:\/\/www.planetatangerina.com\/pt-pt\/?s={search_term_string}\"},\"query-input\":{\"@type\":\"PropertyValueSpecification\",\"valueRequired\":true,\"valueName\":\"search_term_string\"}}],\"inLanguage\":\"pt-PT\"},{\"@type\":\"Organization\",\"@id\":\"https:\/\/www.planetatangerina.com\/pt-pt\/#organization\",\"name\":\"Planeta Tangerina\",\"url\":\"https:\/\/www.planetatangerina.com\/pt-pt\/\",\"logo\":{\"@type\":\"ImageObject\",\"inLanguage\":\"pt-PT\",\"@id\":\"https:\/\/www.planetatangerina.com\/pt-pt\/#\/schema\/logo\/image\/\",\"url\":\"https:\/\/www.planetatangerina.com\/wp-content\/uploads\/2020\/02\/logo.png\",\"contentUrl\":\"https:\/\/www.planetatangerina.com\/wp-content\/uploads\/2020\/02\/logo.png\",\"width\":275,\"height\":15,\"caption\":\"Planeta Tangerina\"},\"image\":{\"@id\":\"https:\/\/www.planetatangerina.com\/pt-pt\/#\/schema\/logo\/image\/\"},\"sameAs\":[\"https:\/\/www.facebook.com\/planetatangerina\/\",\"https:\/\/www.instagram.com\/planetatangerina\/\"]},{\"@type\":\"Person\",\"@id\":\"https:\/\/www.planetatangerina.com\/pt-pt\/#\/schema\/person\/f1d94201e10a9c35e5e7990e9814f48d\",\"name\":\"Angelina Velosa\",\"image\":{\"@type\":\"ImageObject\",\"inLanguage\":\"pt-PT\",\"@id\":\"https:\/\/secure.gravatar.com\/avatar\/6c0921631c276e2d1648b648e480b713ae8be7b3177b3fb2b5988b0476561349?s=96&d=mm&r=g\",\"url\":\"https:\/\/secure.gravatar.com\/avatar\/6c0921631c276e2d1648b648e480b713ae8be7b3177b3fb2b5988b0476561349?s=96&d=mm&r=g\",\"contentUrl\":\"https:\/\/secure.gravatar.com\/avatar\/6c0921631c276e2d1648b648e480b713ae8be7b3177b3fb2b5988b0476561349?s=96&d=mm&r=g\",\"caption\":\"Angelina Velosa\"}}]}<\/script>\n<!-- \/ Yoast SEO plugin. -->","yoast_head_json":{"title":"Autores do Planeta Tangerina na Festa da Ilustra\u00e7\u00e3o de Set\u00fabal - Not\u00edcias - Planeta Tangerina","description":"A 9.\u00aa edi\u00e7\u00e3o da Festa da Ilustra\u00e7\u00e3o arrancou no final de setembro e h\u00e1 v\u00e1rias exposi\u00e7\u00f5es para visitar at\u00e9 ao final de novembro. A Madalena Matoso \u00e9 a","robots":{"index":"index","follow":"follow","max-snippet":"max-snippet:-1","max-image-preview":"max-image-preview:large","max-video-preview":"max-video-preview:-1"},"canonical":"https:\/\/www.planetatangerina.com\/pt-pt\/autores-do-planeta-tangerina-na-festa-da-ilustracao-de-setubal\/","twitter_misc":{"Escrito por":"Angelina Velosa","Tempo estimado de leitura":"1 minuto"},"schema":{"@context":"https:\/\/schema.org","@graph":[{"@type":"Article","@id":"https:\/\/www.planetatangerina.com\/pt-pt\/autores-do-planeta-tangerina-na-festa-da-ilustracao-de-setubal\/#article","isPartOf":{"@id":"https:\/\/www.planetatangerina.com\/pt-pt\/autores-do-planeta-tangerina-na-festa-da-ilustracao-de-setubal\/"},"author":{"name":"Angelina Velosa","@id":"https:\/\/www.planetatangerina.com\/pt-pt\/#\/schema\/person\/f1d94201e10a9c35e5e7990e9814f48d"},"headline":"Autores do Planeta Tangerina na Festa da Ilustra\u00e7\u00e3o de Set\u00fabal","datePublished":"2023-10-09T15:13:56+00:00","dateModified":"2023-10-09T15:13:58+00:00","mainEntityOfPage":{"@id":"https:\/\/www.planetatangerina.com\/pt-pt\/autores-do-planeta-tangerina-na-festa-da-ilustracao-de-setubal\/"},"wordCount":176,"commentCount":0,"publisher":{"@id":"https:\/\/www.planetatangerina.com\/pt-pt\/#organization"},"image":{"@id":"https:\/\/www.planetatangerina.com\/pt-pt\/autores-do-planeta-tangerina-na-festa-da-ilustracao-de-setubal\/#primaryimage"},"thumbnailUrl":"https:\/\/www.planetatangerina.com\/wp-content\/uploads\/2023\/10\/expos_setubal2023.jpg","keywords":["Ana Pessoa","Bernardo P. Carvalho","Exposi\u00e7\u00e3o","Festa da Ilustra\u00e7\u00e3o de Set\u00fabal","In\u00eas Viegas Oliveira","Madalena Matoso"],"articleSection":["Andar Por A\u00ed"],"inLanguage":"pt-PT"},{"@type":"WebPage","@id":"https:\/\/www.planetatangerina.com\/pt-pt\/autores-do-planeta-tangerina-na-festa-da-ilustracao-de-setubal\/","url":"https:\/\/www.planetatangerina.com\/pt-pt\/autores-do-planeta-tangerina-na-festa-da-ilustracao-de-setubal\/","name":"Autores do Planeta Tangerina na Festa da Ilustra\u00e7\u00e3o de Set\u00fabal - Not\u00edcias - Planeta Tangerina","isPartOf":{"@id":"https:\/\/www.planetatangerina.com\/pt-pt\/#website"},"primaryImageOfPage":{"@id":"https:\/\/www.planetatangerina.com\/pt-pt\/autores-do-planeta-tangerina-na-festa-da-ilustracao-de-setubal\/#primaryimage"},"image":{"@id":"https:\/\/www.planetatangerina.com\/pt-pt\/autores-do-planeta-tangerina-na-festa-da-ilustracao-de-setubal\/#primaryimage"},"thumbnailUrl":"https:\/\/www.planetatangerina.com\/wp-content\/uploads\/2023\/10\/expos_setubal2023.jpg","datePublished":"2023-10-09T15:13:56+00:00","dateModified":"2023-10-09T15:13:58+00:00","description":"A 9.\u00aa edi\u00e7\u00e3o da Festa da Ilustra\u00e7\u00e3o arrancou no final de setembro e h\u00e1 v\u00e1rias exposi\u00e7\u00f5es para visitar at\u00e9 ao final de novembro. A Madalena Matoso \u00e9 a","breadcrumb":{"@id":"https:\/\/www.planetatangerina.com\/pt-pt\/autores-do-planeta-tangerina-na-festa-da-ilustracao-de-setubal\/#breadcrumb"},"inLanguage":"pt-PT","potentialAction":[{"@type":"ReadAction","target":["https:\/\/www.planetatangerina.com\/pt-pt\/autores-do-planeta-tangerina-na-festa-da-ilustracao-de-setubal\/"]}]},{"@type":"ImageObject","inLanguage":"pt-PT","@id":"https:\/\/www.planetatangerina.com\/pt-pt\/autores-do-planeta-tangerina-na-festa-da-ilustracao-de-setubal\/#primaryimage","url":"https:\/\/www.planetatangerina.com\/wp-content\/uploads\/2023\/10\/expos_setubal2023.jpg","contentUrl":"https:\/\/www.planetatangerina.com\/wp-content\/uploads\/2023\/10\/expos_setubal2023.jpg","width":2560,"height":848,"caption":"Festa da Ilustra\u00e7\u00e3o de Set\u00fabal 2023"},{"@type":"BreadcrumbList","@id":"https:\/\/www.planetatangerina.com\/pt-pt\/autores-do-planeta-tangerina-na-festa-da-ilustracao-de-setubal\/#breadcrumb","itemListElement":[{"@type":"ListItem","position":1,"name":"In\u00edcio","item":"https:\/\/www.planetatangerina.com\/pt-pt\/"},{"@type":"ListItem","position":2,"name":"Autores do Planeta Tangerina na Festa da Ilustra\u00e7\u00e3o de Set\u00fabal"}]},{"@type":"WebSite","@id":"https:\/\/www.planetatangerina.com\/pt-pt\/#website","url":"https:\/\/www.planetatangerina.com\/pt-pt\/","name":"Planeta Tangerina","description":"Editora independente de livros infantis e juvenis. Fic\u00e7\u00e3o, livros informativos e novelas gr\u00e1ficas no Plano Nacional de Leitura \u2014 PNL.","publisher":{"@id":"https:\/\/www.planetatangerina.com\/pt-pt\/#organization"},"potentialAction":[{"@type":"SearchAction","target":{"@type":"EntryPoint","urlTemplate":"https:\/\/www.planetatangerina.com\/pt-pt\/?s={search_term_string}"},"query-input":{"@type":"PropertyValueSpecification","valueRequired":true,"valueName":"search_term_string"}}],"inLanguage":"pt-PT"},{"@type":"Organization","@id":"https:\/\/www.planetatangerina.com\/pt-pt\/#organization","name":"Planeta Tangerina","url":"https:\/\/www.planetatangerina.com\/pt-pt\/","logo":{"@type":"ImageObject","inLanguage":"pt-PT","@id":"https:\/\/www.planetatangerina.com\/pt-pt\/#\/schema\/logo\/image\/","url":"https:\/\/www.planetatangerina.com\/wp-content\/uploads\/2020\/02\/logo.png","contentUrl":"https:\/\/www.planetatangerina.com\/wp-content\/uploads\/2020\/02\/logo.png","width":275,"height":15,"caption":"Planeta Tangerina"},"image":{"@id":"https:\/\/www.planetatangerina.com\/pt-pt\/#\/schema\/logo\/image\/"},"sameAs":["https:\/\/www.facebook.com\/planetatangerina\/","https:\/\/www.instagram.com\/planetatangerina\/"]},{"@type":"Person","@id":"https:\/\/www.planetatangerina.com\/pt-pt\/#\/schema\/person\/f1d94201e10a9c35e5e7990e9814f48d","name":"Angelina Velosa","image":{"@type":"ImageObject","inLanguage":"pt-PT","@id":"https:\/\/secure.gravatar.com\/avatar\/6c0921631c276e2d1648b648e480b713ae8be7b3177b3fb2b5988b0476561349?s=96&d=mm&r=g","url":"https:\/\/secure.gravatar.com\/avatar\/6c0921631c276e2d1648b648e480b713ae8be7b3177b3fb2b5988b0476561349?s=96&d=mm&r=g","contentUrl":"https:\/\/secure.gravatar.com\/avatar\/6c0921631c276e2d1648b648e480b713ae8be7b3177b3fb2b5988b0476561349?s=96&d=mm&r=g","caption":"Angelina Velosa"}}]}},"_links":{"self":[{"href":"https:\/\/www.planetatangerina.com\/pt-pt\/wp-json\/wp\/v2\/posts\/22227","targetHints":{"allow":["GET"]}}],"collection":[{"href":"https:\/\/www.planetatangerina.com\/pt-pt\/wp-json\/wp\/v2\/posts"}],"about":[{"href":"https:\/\/www.planetatangerina.com\/pt-pt\/wp-json\/wp\/v2\/types\/post"}],"author":[{"embeddable":true,"href":"https:\/\/www.planetatangerina.com\/pt-pt\/wp-json\/wp\/v2\/users\/10"}],"replies":[{"embeddable":true,"href":"https:\/\/www.planetatangerina.com\/pt-pt\/wp-json\/wp\/v2\/comments?post=22227"}],"version-history":[{"count":2,"href":"https:\/\/www.planetatangerina.com\/pt-pt\/wp-json\/wp\/v2\/posts\/22227\/revisions"}],"predecessor-version":[{"id":22237,"href":"https:\/\/www.planetatangerina.com\/pt-pt\/wp-json\/wp\/v2\/posts\/22227\/revisions\/22237"}],"wp:featuredmedia":[{"embeddable":true,"href":"https:\/\/www.planetatangerina.com\/pt-pt\/wp-json\/wp\/v2\/media\/22230"}],"wp:attachment":[{"href":"https:\/\/www.planetatangerina.com\/pt-pt\/wp-json\/wp\/v2\/media?parent=22227"}],"wp:term":[{"taxonomy":"category","embeddable":true,"href":"https:\/\/www.planetatangerina.com\/pt-pt\/wp-json\/wp\/v2\/categories?post=22227"},{"taxonomy":"post_tag","embeddable":true,"href":"https:\/\/www.planetatangerina.com\/pt-pt\/wp-json\/wp\/v2\/tags?post=22227"}],"curies":[{"name":"wp","href":"https:\/\/api.w.org\/{rel}","templated":true}]}}